{"id":1488,"date":"2023-10-04T17:24:14","date_gmt":"2023-10-04T20:24:14","guid":{"rendered":"https:\/\/feiteiroaraujo.com.br\/?p=1488"},"modified":"2023-10-04T17:25:16","modified_gmt":"2023-10-04T20:25:16","slug":"recuperacao-judicial-e-desconsideracao-da-personalidade-juridica","status":"publish","type":"post","link":"http:\/\/feiteiroaraujo.com.br\/en\/novidades\/recuperacao-judicial-e-desconsideracao-da-personalidade-juridica\/","title":{"rendered":"Desconsidera\u00e7\u00e3o da Personalidade Jur\u00eddica"},"content":{"rendered":"<p>A \u00e1rea trabalhista do Feiteiro Araujo vem atuando em diversos casos de clientes em recupera\u00e7\u00e3o judicial que possuem Incidente de Desconsidera\u00e7\u00e3o da Personalidade Jur\u00eddica instaurado contra diretores, em processo dos quais os reclamantes tentam obter a satisfa\u00e7\u00e3o do cr\u00e9dito por via diversa da habilita\u00e7\u00e3o da certid\u00e3o de cr\u00e9dito. Em todos os casos que atuamos obtivemos decis\u00e3o favor\u00e1vel, afastando-se a pretendida responsabilidade do administrador, acolhendo a tese defensiva de que, para responsabiliz\u00e1-lo, necess\u00e1rio que estivesse demonstrado abuso da personalidade jur\u00eddica caracterizado pelo desvio de finalidade ou pela confus\u00e3o patrimonial.<\/p>","protected":false},"excerpt":{"rendered":"<p>A \u00e1rea trabalhista do Feiteiro Araujo vem atuando em diversos casos de clientes em recupera\u00e7\u00e3o judicial que possuem Incidente de Desconsidera\u00e7\u00e3o da Personalidade Jur\u00eddica instaurado contra diretores, em processo dos quais os reclamantes tentam obter a satisfa\u00e7\u00e3o do cr\u00e9dito por via diversa da habilita\u00e7\u00e3o da certid\u00e3o de cr\u00e9dito. Em todos os casos que atuamos obtivemos [&hellip;]<\/p>","protected":false},"author":2,"featured_media":1490,"comment_status":"open","ping_status":"closed","sticky":false,"template":"","format":"standard","meta":{"_acf_changed":false,"_et_pb_use_builder":"","_et_pb_old_content":"","_et_gb_content_width":"","footnotes":""},"categories":[7],"tags":[],"class_list":["post-1488","post","type-post","status-publish","format-standard","has-post-thumbnail","hentry","category-novidades"],"acf":[],"_links":{"self":[{"href":"http:\/\/feiteiroaraujo.com.br\/en\/wp-json\/wp\/v2\/posts\/1488","targetHints":{"allow":["GET"]}}],"collection":[{"href":"http:\/\/feiteiroaraujo.com.br\/en\/wp-json\/wp\/v2\/posts"}],"about":[{"href":"http:\/\/feiteiroaraujo.com.br\/en\/wp-json\/wp\/v2\/types\/post"}],"author":[{"embeddable":true,"href":"http:\/\/feiteiroaraujo.com.br\/en\/wp-json\/wp\/v2\/users\/2"}],"replies":[{"embeddable":true,"href":"http:\/\/feiteiroaraujo.com.br\/en\/wp-json\/wp\/v2\/comments?post=1488"}],"version-history":[{"count":4,"href":"http:\/\/feiteiroaraujo.com.br\/en\/wp-json\/wp\/v2\/posts\/1488\/revisions"}],"predecessor-version":[{"id":1494,"href":"http:\/\/feiteiroaraujo.com.br\/en\/wp-json\/wp\/v2\/posts\/1488\/revisions\/1494"}],"wp:featuredmedia":[{"embeddable":true,"href":"http:\/\/feiteiroaraujo.com.br\/en\/wp-json\/wp\/v2\/media\/1490"}],"wp:attachment":[{"href":"http:\/\/feiteiroaraujo.com.br\/en\/wp-json\/wp\/v2\/media?parent=1488"}],"wp:term":[{"taxonomy":"category","embeddable":true,"href":"http:\/\/feiteiroaraujo.com.br\/en\/wp-json\/wp\/v2\/categories?post=1488"},{"taxonomy":"post_tag","embeddable":true,"href":"http:\/\/feiteiroaraujo.com.br\/en\/wp-json\/wp\/v2\/tags?post=1488"}],"curies":[{"name":"wp","href":"https:\/\/api.w.org\/{rel}","templated":true}]}}