{"id":1496,"date":"2023-10-23T09:40:05","date_gmt":"2023-10-23T12:40:05","guid":{"rendered":"https:\/\/feiteiroaraujo.com.br\/?p=1496"},"modified":"2023-10-23T09:40:05","modified_gmt":"2023-10-23T12:40:05","slug":"liminar-concedida-defesa-de-cliente-em-recuperacao-judicial-na-area-trabalhista","status":"publish","type":"post","link":"http:\/\/feiteiroaraujo.com.br\/en\/novidades\/liminar-concedida-defesa-de-cliente-em-recuperacao-judicial-na-area-trabalhista\/","title":{"rendered":"Liminar Concedida: Defesa de Cliente em Recupera\u00e7\u00e3o Judicial na \u00c1rea Trabalhista"},"content":{"rendered":"<p>A equipe trabalhista do Feiteiro Araujo recentemente atuou na defesa de direito l\u00edquido e certo de cliente em recupera\u00e7\u00e3o judicial que teve contas bloqueadas pelo ju\u00edzo trabalhista de execu\u00e7\u00e3o. No caso espec\u00edfico, foi impetrado Mandado de Seguran\u00e7a no Tribunal Regional do Trabalho da 21\u00aa Regi\u00e3o com pedido liminar para desbloqueio de valor superior a duzentos mil reais que fora realizado contra empresa do grupo econ\u00f4mico da devedora principal, sem instaura\u00e7\u00e3o de Incidente de Desconsidera\u00e7\u00e3o da Personalidade Jur\u00eddica. O desembargador relator do Mandado de Seguran\u00e7a acolheu toda tese defensiva para deferir a liminar de desbloqueio e cancelamento de atos expropriat\u00f3rios contra a Impetrante, entendendo pela impossibilidade de execu\u00e7\u00e3o imediata da empresa, sem observa\u00e7\u00e3o ao devido processo legal e contradit\u00f3rio, al\u00e9m de discorrer sobre a necessidade que o cr\u00e9dito do reclamante seja pago nos moldes previstos no Plano de Recupera\u00e7\u00e3o Judicial aprovado em assembleia de credores, e n\u00e3o por empresa terceira, ainda que do mesmo grupo econ\u00f4mico.<\/p>","protected":false},"excerpt":{"rendered":"<p>A equipe trabalhista do Feiteiro Araujo recentemente atuou na defesa de direito l\u00edquido e certo de cliente em recupera\u00e7\u00e3o judicial que teve contas bloqueadas pelo ju\u00edzo trabalhista de execu\u00e7\u00e3o. No caso espec\u00edfico, foi impetrado Mandado de Seguran\u00e7a no Tribunal Regional do Trabalho da 21\u00aa Regi\u00e3o com pedido liminar para desbloqueio de valor superior a duzentos [&hellip;]<\/p>","protected":false},"author":2,"featured_media":1497,"comment_status":"open","ping_status":"closed","sticky":false,"template":"","format":"standard","meta":{"_acf_changed":false,"_et_pb_use_builder":"","_et_pb_old_content":"","_et_gb_content_width":"","footnotes":""},"categories":[7],"tags":[],"class_list":["post-1496","post","type-post","status-publish","format-standard","has-post-thumbnail","hentry","category-novidades"],"acf":[],"_links":{"self":[{"href":"http:\/\/feiteiroaraujo.com.br\/en\/wp-json\/wp\/v2\/posts\/1496","targetHints":{"allow":["GET"]}}],"collection":[{"href":"http:\/\/feiteiroaraujo.com.br\/en\/wp-json\/wp\/v2\/posts"}],"about":[{"href":"http:\/\/feiteiroaraujo.com.br\/en\/wp-json\/wp\/v2\/types\/post"}],"author":[{"embeddable":true,"href":"http:\/\/feiteiroaraujo.com.br\/en\/wp-json\/wp\/v2\/users\/2"}],"replies":[{"embeddable":true,"href":"http:\/\/feiteiroaraujo.com.br\/en\/wp-json\/wp\/v2\/comments?post=1496"}],"version-history":[{"count":1,"href":"http:\/\/feiteiroaraujo.com.br\/en\/wp-json\/wp\/v2\/posts\/1496\/revisions"}],"predecessor-version":[{"id":1498,"href":"http:\/\/feiteiroaraujo.com.br\/en\/wp-json\/wp\/v2\/posts\/1496\/revisions\/1498"}],"wp:featuredmedia":[{"embeddable":true,"href":"http:\/\/feiteiroaraujo.com.br\/en\/wp-json\/wp\/v2\/media\/1497"}],"wp:attachment":[{"href":"http:\/\/feiteiroaraujo.com.br\/en\/wp-json\/wp\/v2\/media?parent=1496"}],"wp:term":[{"taxonomy":"category","embeddable":true,"href":"http:\/\/feiteiroaraujo.com.br\/en\/wp-json\/wp\/v2\/categories?post=1496"},{"taxonomy":"post_tag","embeddable":true,"href":"http:\/\/feiteiroaraujo.com.br\/en\/wp-json\/wp\/v2\/tags?post=1496"}],"curies":[{"name":"wp","href":"https:\/\/api.w.org\/{rel}","templated":true}]}}